{"id":4473,"date":"2023-04-04T07:32:52","date_gmt":"2023-04-04T05:32:52","guid":{"rendered":"https:\/\/switzerland.wordcamp.org\/2023\/?p=4473"},"modified":"2023-04-04T07:32:52","modified_gmt":"2023-04-04T05:32:52","slug":"wordcamp-switzerland-2023-is-history","status":"publish","type":"post","link":"https:\/\/switzerland.wordcamp.org\/2023\/news\/wordcamp-switzerland-2023-is-history\/","title":{"rendered":"WordCamp Switzerland 2023 is history"},"content":{"rendered":"\n<p class=\"wp-block-paragraph\"><em>German and French below<\/em><\/p>\n\n\n\n<p class=\"wp-block-paragraph\">Dear WordCamp attendees, volunteers, speakers, and sponsors,<\/p>\n\n\n\n<p class=\"wp-block-paragraph\">Thank you all once again for your presence at the Centre Loewenberg, Murten\/Morat. It was great to see so many people gathered for a much-awaited WordCamp Switzerland! We hope you had a good time, heard interesting talks, met new (and old) friends and carried out fruitful conversations.<br><br>A particular thank you once again to all our Gold, Silver, Bronze and Micro sponsors, without whom this WordCamp just wouldn\u2019t have been possible! The same goes for all the speakers and volunteers.<\/p>\n\n\n\n<p class=\"wp-block-paragraph\">A little reminder of the WordCamp Switzerland stats: 223 tickets were sold, and 206 people actually turned up at the event. 33% of the participants were women.<\/p>\n\n\n\n<p class=\"wp-block-paragraph\">We\u2019d be delighted to have your feedback on the event so that we know what to do \u2013 and not do \u2013 and the next WordCamp. If you can spare a moment, please answer a few questions here:<a href=\"https:\/\/central.wordcamp.org\/wordcamp-attendee-survey\/\"> https:\/\/central.wordcamp.org\/wordcamp-attendee-survey\/<\/a><\/p>\n\n\n\n<p class=\"wp-block-paragraph\">We\u2019ve also started to gather photos that were taken during the WordCamp. You can view them here: <a href=\"https:\/\/photos.app.goo.gl\/paz1DBH4DV4Yc7n48\">https:\/\/photos.app.goo.gl\/paz1DBH4DV4Yc7n48<\/a><\/p>\n\n\n\n<p class=\"wp-block-paragraph\">Please feel free to upload your own pictures if you have any you would like to share under the Creative Commons CC BYSA 4.0 licence.<\/p>\n\n\n\n<p class=\"wp-block-paragraph\">We hope you\u2019ve all well started your week after this great event and look forward to meeting again soon, be it at a meetup, a WordCamp or even online.<br>Happy Easter and best wishes from the Orga Team!<\/p>\n\n\n\n<hr class=\"wp-block-separator has-alpha-channel-opacity\" \/>\n\n\n\n<p class=\"wp-block-paragraph\">Liebe WordCamp-Teilnehmende, Freiwillige, Referenten und Sponsoren<\/p>\n\n\n\n<p class=\"wp-block-paragraph\">Wir danken euch allen noch einmal herzlich f\u00fcr eure Anwesenheit im Centre Loewenberg, Murten\/Morat. Es war grossartig, so viele Menschen f\u00fcr ein lange erwartetes WordCamp Schweiz zu sehen. Wir hoffen, du konntest es geniessen, hast interessante Vortr\u00e4ge geh\u00f6rt, neue (und alte) Freunde getroffen und fruchtbare Gespr\u00e4che gef\u00fchrt.<\/p>\n\n\n\n<p class=\"wp-block-paragraph\">Ein besonderes Dankesch\u00f6n noch einmal an alle unsere Gold-, Silber-, Bronze- und Micro-Sponsoren, ohne die dieses WordCamp nicht m\u00f6glich gewesen w\u00e4re. Das Gleiche gilt f\u00fcr alle Referenten und Freiwilligen.<\/p>\n\n\n\n<p class=\"wp-block-paragraph\">Eine kleine Erinnerung an die Statistiken des WordCamp Switzerland 2023:<br>223 Tickets wurden verkauft, 206 Personen kamen tats\u00e4chlich zum Event.<br>33% der Teilnehmenden waren Frauen, ein toller Wert.<\/p>\n\n\n\n<p class=\"wp-block-paragraph\">Wir freuen uns \u00fcber deine R\u00fcckmeldung zum Event, damit wir wissen, was wir f\u00fcr das n\u00e4chste WordCamp tun &#8211; und lassen &#8211; k\u00f6nnen.<br>Falls du also einen Moment Zeit hast, beantworte bitte hier ein paar Fragen: <a href=\"https:\/\/central.wordcamp.org\/wordcamp-attendee-survey\/\">https:\/\/central.wordcamp.org\/wordcamp-attendee-survey\/<\/a><\/p>\n\n\n\n<p class=\"wp-block-paragraph\">Wir haben auch begonnen, Fotos zu sammeln, die w\u00e4hrend des WordCamps gemacht wurden. Du findest sie unter <a href=\"https:\/\/photos.app.goo.gl\/paz1DBH4DV4Yc7n48\">https:\/\/photos.app.goo.gl\/paz1DBH4DV4Yc7n48<\/a><br>Bitte lade auch deine eigenen Bilder hoch, falls du m\u00f6chtest. Diese werden dann unter der Creative Commons CC BYSA 4.0 Lizenz geteilt.<\/p>\n\n\n\n<p class=\"wp-block-paragraph\">Wir hoffen, du bist nach diesem tollen Event gut in die Woche gestartet und freuen uns auf ein baldiges Wiedersehen, sei es bei einem Meetup, einem WordCamp oder auch online.<\/p>\n\n\n\n<p class=\"wp-block-paragraph\">Frohe Ostern und liebe Gr\u00fcsse vom Orga-Team<\/p>\n\n\n\n<hr class=\"wp-block-separator has-alpha-channel-opacity\" \/>\n\n\n\n<p class=\"wp-block-paragraph\">Ch\u00e8res et chers participant.e.s, b\u00e9n\u00e9voles, orateurs et oratrices et sponsors du WordCamp,<\/p>\n\n\n\n<p class=\"wp-block-paragraph\">Encore une fois, un grand merci pour votre pr\u00e9sence au Centre Loewenberg, Murten\/Morat. C&#8217;\u00e9tait formidable de voir autant de personnes r\u00e9unies pour ce WordCamp Suisse tr\u00e8s attendu ! Nous esp\u00e9rons que vous avez pass\u00e9 un bon moment, \u00e9cout\u00e9 des expos\u00e9s int\u00e9ressants, rencontr\u00e9 de nouveaux amis (et des potes de longue date) et men\u00e9 des conversations fructueuses.<\/p>\n\n\n\n<p class=\"wp-block-paragraph\">Un merci tout particulier \u00e0 tous nos sponsors Gold, Silver, Bronze et Micro, sans qui ce WordCamp n&#8217;aurait pas \u00e9t\u00e9 possible ! Il en va de m\u00eame pour tous les orateurs et les b\u00e9n\u00e9voles.<\/p>\n\n\n\n<p class=\"wp-block-paragraph\">Un petit rappel des statistiques du WordCamp Suisse : 223 billets ont \u00e9t\u00e9 vendus et 206 personnes ont particip\u00e9 \u00e0 l&#8217;\u00e9v\u00e9nement. 33% des personnes pr\u00e9sentes \u00e9taient des femmes.&nbsp;<\/p>\n\n\n\n<p class=\"wp-block-paragraph\">Nous serions ravis de pouvoir compter sur vos commentaires sur l&#8217;\u00e9v\u00e9nement, afin de savoir ce qu&#8217;il faut faire \u2013 et ne pas faire \u2013 lors du prochain WordCamp. Si vous avez un moment pour ce faire, r\u00e9pondez \u00e0 quelques questions ici : <a href=\"https:\/\/central.wordcamp.org\/wordcamp-attendee-survey\/\">https:\/\/central.wordcamp.org\/wordcamp-attendee-survey\/<\/a><\/p>\n\n\n\n<p class=\"wp-block-paragraph\">Nous avons \u00e9galement commenc\u00e9 \u00e0 rassembler les photos prises durant le WordCamp. Vous pouvez les voir ici : <a href=\"https:\/\/photos.app.goo.gl\/paz1DBH4DV4Yc7n48\">https:\/\/photos.app.goo.gl\/paz1DBH4DV4Yc7n48<\/a><\/p>\n\n\n\n<p class=\"wp-block-paragraph\">N&#8217;h\u00e9sitez pas \u00e0 t\u00e9l\u00e9charger vos propres photos si vous souhaitez les partager sous la licence Creative Commons CC BYSA 4.0.<\/p>\n\n\n\n<p class=\"wp-block-paragraph\">Nous esp\u00e9rons que vous avez tous bien commenc\u00e9 votre semaine apr\u00e8s ce grand \u00e9v\u00e9nement et nous nous r\u00e9jouissons de vous retrouver bient\u00f4t, que ce soit lors d&#8217;un meetup, d&#8217;un WordCamp ou m\u00eame en ligne.<\/p>\n\n\n\n<p class=\"wp-block-paragraph\">Joyeuses P\u00e2ques et cordiales salutations de la part de l&#8217;\u00e9quipe d\u2019organisation.<\/p>\n","protected":false},"excerpt":{"rendered":"<p>German and French below Dear WordCamp attendees, volunteers, speakers, and sponsors, Thank you all once again for your presence at the Centre Loewenberg, Murten\/Morat. It was great to see so many people gathered for a much-awaited WordCamp Switzerland! We hope you had a good time, heard interesting talks, met new (and old) friends and carried [&hellip;]<\/p>\n","protected":false},"author":15777422,"featured_media":4475,"comment_status":"open","ping_status":"open","sticky":false,"template":"","format":"standard","meta":{"_crdt_document":"","jetpack_post_was_ever_published":false,"_jetpack_newsletter_access":"","_jetpack_dont_email_post_to_subs":false,"_jetpack_newsletter_tier_id":0,"_jetpack_memberships_contains_paywalled_content":false,"_jetpack_memberships_contains_paid_content":false,"footnotes":""},"categories":[1079857],"tags":[],"class_list":["post-4473","post","type-post","status-publish","format-standard","has-post-thumbnail","hentry","category-announcements"],"jetpack_featured_media_url":"https:\/\/switzerland.wordcamp.org\/2023\/files\/2023\/04\/wordcamp-murten-wallpaper.jpg","jetpack_sharing_enabled":true,"_links":{"self":[{"href":"https:\/\/switzerland.wordcamp.org\/2023\/wp-json\/wp\/v2\/posts\/4473","targetHints":{"allow":["GET"]}}],"collection":[{"href":"https:\/\/switzerland.wordcamp.org\/2023\/wp-json\/wp\/v2\/posts"}],"about":[{"href":"https:\/\/switzerland.wordcamp.org\/2023\/wp-json\/wp\/v2\/types\/post"}],"author":[{"embeddable":true,"href":"https:\/\/switzerland.wordcamp.org\/2023\/wp-json\/wp\/v2\/users\/15777422"}],"replies":[{"embeddable":true,"href":"https:\/\/switzerland.wordcamp.org\/2023\/wp-json\/wp\/v2\/comments?post=4473"}],"version-history":[{"count":4,"href":"https:\/\/switzerland.wordcamp.org\/2023\/wp-json\/wp\/v2\/posts\/4473\/revisions"}],"predecessor-version":[{"id":4478,"href":"https:\/\/switzerland.wordcamp.org\/2023\/wp-json\/wp\/v2\/posts\/4473\/revisions\/4478"}],"wp:featuredmedia":[{"embeddable":true,"href":"https:\/\/switzerland.wordcamp.org\/2023\/wp-json\/wp\/v2\/media\/4475"}],"wp:attachment":[{"href":"https:\/\/switzerland.wordcamp.org\/2023\/wp-json\/wp\/v2\/media?parent=4473"}],"wp:term":[{"taxonomy":"category","embeddable":true,"href":"https:\/\/switzerland.wordcamp.org\/2023\/wp-json\/wp\/v2\/categories?post=4473"},{"taxonomy":"post_tag","embeddable":true,"href":"https:\/\/switzerland.wordcamp.org\/2023\/wp-json\/wp\/v2\/tags?post=4473"}],"curies":[{"name":"wp","href":"https:\/\/api.w.org\/{rel}","templated":true}]}}